{"id":1801,"date":"2025-09-08T14:58:56","date_gmt":"2025-09-08T17:58:56","guid":{"rendered":"https:\/\/web.idepba.com.ar\/?p=1801"},"modified":"2025-09-08T16:34:58","modified_gmt":"2025-09-08T19:34:58","slug":"historia-del-carnaval","status":"publish","type":"post","link":"https:\/\/web.idepba.com.ar\/demo\/historia-del-carnaval\/","title":{"rendered":"Historia del Carnaval"},"content":{"rendered":"\n<h2 class=\"wp-block-heading\">\u00cdndice <\/h2>\n\n\n\n<p><a href=\"#Introducci\u00f3n\">Introducci\u00f3n <\/a><\/p>\n\n\n\n<p><a href=\"#carnaval\">La importancia y el significado que se le da al carnaval <\/a><\/p>\n\n\n\n<p id=\"samba\"><a href=\"#samba\">Cultura de Samba<\/a><\/p>\n\n\n\n<p id=\"Club\"><a href=\"#Club\">Los 4 club que crean las comparsas <\/a><\/p>\n\n\n\n<p id=\"corsodromo\"><a href=\"#corsodromo\">Contrici\u00f3n del cors\u00f3dromo<\/a><\/p>\n\n\n\n<h2 class=\"wp-block-heading\" id=\"Introducci\u00f3n\">Introducci\u00f3n<\/h2>\n\n\n\n<p>Vale recordar que el carnaval fue introducido por los espa\u00f1oles, pero luego se fue fusionando con los aportes de las culturas nativas y africanas, que llegaron como esclavas. Se trata de una celebraci\u00f3n pagana, pero de origen cristiano y medieval.<br>En el litoral argentino, los carnavales entrerrianos se caracterizan por comparsas de influencia brasile\u00f1a y correntina, que a su vez heredaron las costumbres guaran\u00edes, africanas y europeas. Desde entonces pasaron casi dos siglos intensos colmados de vaivenes y avatares pol\u00edticos y econ\u00f3micos que, sin embargo, no pudieron acabar con la alegr\u00eda. El esp\u00edritu carnestolendo siempre se mantuvo vivo gracias a la resistencia de los vecinos, los inmigrantes y los clubes.<br>En Gualeguaych\u00fa, la primera autorizaci\u00f3n de festejar con \u00abcarnaval\u00bb&nbsp;se otorg\u00f3 a mediados del siglo XIX: en 1840.<br><br><br><\/p>\n\n\n<div class=\"pgc-sgb-cb wp-block-pgcsimplygalleryblock-justified \" data-gallery-id=\"d0672856\"><div class=\"sgb-preloader\" id=\"pr_d0672856\">\n\t<div class=\"sgb-square\" style=\"background:#d4d4d4\"><\/div>\n\t<div class=\"sgb-square\" style=\"background:#d4d4d4\"><\/div>\n\t<div class=\"sgb-square\" style=\"background:#d4d4d4\"><\/div>\n\t<div class=\"sgb-square\" style=\"background:#d4d4d4\"><\/div><\/div><div class=\"simply-gallery-amp pgc_sgb_slider \"><noscript><div class=\"sgb-gallery\"><div class=\"sgb-item\"><a href=\"https:\/\/web.idepba.com.ar\/demo\/?attachment_id=1812\" target=\"_blank\"><img loading=\"lazy\" decoding=\"async\" alt=\"Gente reunida en las calles festejando\" width=\"300\" height=\"200\" loading=\"lazy\" src=\"http:\/\/web.idepba.com.ar\/demo\/wp-content\/uploads\/sites\/25\/2025\/09\/Carnaval-en-las-calle-de-GCHU-300x200.jpg\" srcset=\"http:\/\/web.idepba.com.ar\/demo\/wp-content\/uploads\/sites\/25\/2025\/09\/Carnaval-en-las-calle-de-GCHU-300x200.jpg 300w,http:\/\/web.idepba.com.ar\/demo\/wp-content\/uploads\/sites\/25\/2025\/09\/Carnaval-en-las-calle-de-GCHU-1024x683.jpg 1024w,http:\/\/web.idepba.com.ar\/demo\/wp-content\/uploads\/sites\/25\/2025\/09\/Carnaval-en-las-calle-de-GCHU.jpg 1200w\" sizes=\"auto, 250px\"\/><\/a><\/div><div class=\"sgb-item\"><a href=\"https:\/\/web.idepba.com.ar\/demo\/?attachment_id=1809\" target=\"_blank\"><img loading=\"lazy\" decoding=\"async\" alt=\"Dos ni\u00f1os en el carnaval\" width=\"213\" height=\"300\" loading=\"lazy\" src=\"http:\/\/web.idepba.com.ar\/demo\/wp-content\/uploads\/sites\/25\/2025\/09\/Ninos-en-el-carnaval-213x300.png\" srcset=\"http:\/\/web.idepba.com.ar\/demo\/wp-content\/uploads\/sites\/25\/2025\/09\/Ninos-en-el-carnaval-213x300.png 213w,http:\/\/web.idepba.com.ar\/demo\/wp-content\/uploads\/sites\/25\/2025\/09\/Ninos-en-el-carnaval.png 519w\" sizes=\"auto, 250px\"\/><\/a><\/div><div class=\"sgb-item\"><a href=\"https:\/\/web.idepba.com.ar\/demo\/?attachment_id=1811\" target=\"_blank\"><img loading=\"lazy\" decoding=\"async\" alt=\"Carnaval en las calles de gualeguaychu\" width=\"300\" height=\"200\" loading=\"lazy\" src=\"http:\/\/web.idepba.com.ar\/demo\/wp-content\/uploads\/sites\/25\/2025\/09\/Carnaval-siglo-XIX-300x200.jpg\" srcset=\"http:\/\/web.idepba.com.ar\/demo\/wp-content\/uploads\/sites\/25\/2025\/09\/Carnaval-siglo-XIX-300x200.jpg 300w,http:\/\/web.idepba.com.ar\/demo\/wp-content\/uploads\/sites\/25\/2025\/09\/Carnaval-siglo-XIX-1024x683.jpg 1024w,http:\/\/web.idepba.com.ar\/demo\/wp-content\/uploads\/sites\/25\/2025\/09\/Carnaval-siglo-XIX.jpg 1200w\" sizes=\"auto, 250px\"\/><\/a><\/div><\/div><\/noscript><\/div><script type=\"application\/json\" class=\"sgb-data\">{\"galleryType\":\"pgc_sgb_justified\",\"galleryId\":\"d0672856\",\"images\":[{\"id\":1812,\"title\":\"Carnaval en las calle de GCHU\",\"url\":\"http:\/\/web.idepba.com.ar\/demo\/wp-content\/uploads\/sites\/25\/2025\/09\/Carnaval-en-las-calle-de-GCHU.jpg\",\"link\":\"https:\/\/web.idepba.com.ar\/demo\/?attachment_id=1812\",\"alt\":\"Gente reunida en las calles festejando\",\"description\":\"\",\"caption\":\"\",\"mime\":\"image\/jpeg\",\"type\":\"image\",\"width\":1200,\"height\":800,\"sizes\":{\"thumbnail\":{\"height\":150,\"width\":150,\"url\":\"http:\/\/web.idepba.com.ar\/demo\/wp-content\/uploads\/sites\/25\/2025\/09\/Carnaval-en-las-calle-de-GCHU-150x150.jpg\",\"orientation\":\"landscape\"},\"medium\":{\"height\":200,\"width\":300,\"url\":\"http:\/\/web.idepba.com.ar\/demo\/wp-content\/uploads\/sites\/25\/2025\/09\/Carnaval-en-las-calle-de-GCHU-300x200.jpg\",\"orientation\":\"landscape\"},\"large\":{\"height\":683,\"width\":1024,\"url\":\"http:\/\/web.idepba.com.ar\/demo\/wp-content\/uploads\/sites\/25\/2025\/09\/Carnaval-en-las-calle-de-GCHU-1024x683.jpg\",\"orientation\":\"landscape\"},\"full\":{\"url\":\"http:\/\/web.idepba.com.ar\/demo\/wp-content\/uploads\/sites\/25\/2025\/09\/Carnaval-en-las-calle-de-GCHU.jpg\",\"height\":800,\"width\":1200,\"orientation\":\"landscape\"}},\"imageMeta\":{\"aperture\":\"0\",\"credit\":\"\",\"camera\":\"\",\"caption\":\"\",\"created_timestamp\":\"0\",\"copyright\":\"\",\"focal_length\":\"0\",\"iso\":\"0\",\"shutter_speed\":\"0\",\"title\":\"\",\"orientation\":\"0\",\"keywords\":[]},\"meta\":false,\"postlink\":\"https:\/\/web.idepba.com.ar\/demo\/?attachment_id=1812\"},{\"id\":1809,\"title\":\"Ni\u00f1os en el carnaval\",\"url\":\"http:\/\/web.idepba.com.ar\/demo\/wp-content\/uploads\/sites\/25\/2025\/09\/Ninos-en-el-carnaval.png\",\"link\":\"https:\/\/web.idepba.com.ar\/demo\/?attachment_id=1809\",\"alt\":\"Dos ni\u00f1os en el carnaval\",\"description\":\"\",\"caption\":\"\",\"mime\":\"image\/png\",\"type\":\"image\",\"width\":519,\"height\":730,\"sizes\":{\"thumbnail\":{\"height\":150,\"width\":150,\"url\":\"http:\/\/web.idepba.com.ar\/demo\/wp-content\/uploads\/sites\/25\/2025\/09\/Ninos-en-el-carnaval-150x150.png\",\"orientation\":\"landscape\"},\"medium\":{\"height\":300,\"width\":213,\"url\":\"http:\/\/web.idepba.com.ar\/demo\/wp-content\/uploads\/sites\/25\/2025\/09\/Ninos-en-el-carnaval-213x300.png\",\"orientation\":\"portrait\"},\"full\":{\"url\":\"http:\/\/web.idepba.com.ar\/demo\/wp-content\/uploads\/sites\/25\/2025\/09\/Ninos-en-el-carnaval.png\",\"height\":730,\"width\":519,\"orientation\":\"portrait\"}},\"imageMeta\":{\"aperture\":\"0\",\"credit\":\"\",\"camera\":\"\",\"caption\":\"\",\"created_timestamp\":\"0\",\"copyright\":\"\",\"focal_length\":\"0\",\"iso\":\"0\",\"shutter_speed\":\"0\",\"title\":\"\",\"orientation\":\"0\",\"keywords\":[]},\"meta\":false,\"postlink\":\"https:\/\/web.idepba.com.ar\/demo\/?attachment_id=1809\"},{\"id\":1811,\"title\":\"Carnaval siglo XIX\",\"url\":\"http:\/\/web.idepba.com.ar\/demo\/wp-content\/uploads\/sites\/25\/2025\/09\/Carnaval-siglo-XIX.jpg\",\"link\":\"https:\/\/web.idepba.com.ar\/demo\/?attachment_id=1811\",\"alt\":\"Carnaval en las calles de gualeguaychu\",\"description\":\"\",\"caption\":\"\",\"mime\":\"image\/jpeg\",\"type\":\"image\",\"width\":1200,\"height\":800,\"sizes\":{\"thumbnail\":{\"height\":150,\"width\":150,\"url\":\"http:\/\/web.idepba.com.ar\/demo\/wp-content\/uploads\/sites\/25\/2025\/09\/Carnaval-siglo-XIX-150x150.jpg\",\"orientation\":\"landscape\"},\"medium\":{\"height\":200,\"width\":300,\"url\":\"http:\/\/web.idepba.com.ar\/demo\/wp-content\/uploads\/sites\/25\/2025\/09\/Carnaval-siglo-XIX-300x200.jpg\",\"orientation\":\"landscape\"},\"large\":{\"height\":683,\"width\":1024,\"url\":\"http:\/\/web.idepba.com.ar\/demo\/wp-content\/uploads\/sites\/25\/2025\/09\/Carnaval-siglo-XIX-1024x683.jpg\",\"orientation\":\"landscape\"},\"full\":{\"url\":\"http:\/\/web.idepba.com.ar\/demo\/wp-content\/uploads\/sites\/25\/2025\/09\/Carnaval-siglo-XIX.jpg\",\"height\":800,\"width\":1200,\"orientation\":\"landscape\"}},\"imageMeta\":{\"aperture\":\"0\",\"credit\":\"\",\"camera\":\"\",\"caption\":\"\",\"created_timestamp\":\"0\",\"copyright\":\"\",\"focal_length\":\"0\",\"iso\":\"0\",\"shutter_speed\":\"0\",\"title\":\"\",\"orientation\":\"0\",\"keywords\":[]},\"meta\":false,\"postlink\":\"https:\/\/web.idepba.com.ar\/demo\/?attachment_id=1811\"}],\"itemsMetaDataCollection\":[]}<\/script><script>(function(){if(window.PGC_SGB && window.PGC_SGB.searcher){window.PGC_SGB.searcher.initBlocks()}})()<\/script><\/div>\n\n\n<h2 class=\"wp-block-heading\" id=\"carnaval\">La importancia y el significado que se le da al carnaval<\/h2>\n\n\n\n<p>Hace 40 a\u00f1os que esta ciudad organiza este festejo cultural pagano \u2013que en un tiempo fue incorporado al calendario religioso\u2013 con un show monumental de color y alegr\u00eda. Pero su historia se remonta&nbsp;<strong>180 a\u00f1os<\/strong>&nbsp;atr\u00e1s y est\u00e1 resguardada en el&nbsp;<strong>Museo del Carnaval<\/strong><br>Hace no mucho tiempo en las diferentes ciudades entrerrianas el carnaval era sin\u00f3nimo de juegos con agua, disfraces y el tradicional corso, un desfile que reun\u00eda a las familias en torno a la calle principal de cada ciudad. Otro lugar que tomaba gran importancia, en esa \u00e9poca eran los clubes barriales, lugares donde grandes y chicos festejaban el carnaval de manera espont\u00e1nea.<br>Cada ciudad ten\u00eda sus matices de una de las celebraciones m\u00e1s populares en nuestro pa\u00eds. Un ejemplo era el \u201cCorso de Flores\u201d, que entre el aroma a nardos y la entrega de ramitos entre j\u00f3venes enamorados, anta\u00f1o conformaban una manera de festejar en Gualeguaych\u00fa.<br>El carnaval en Gualeguaych\u00fa&nbsp;es de gran importancia cultural, social y econ\u00f3mica, siendo conocido como el \u00abCarnaval del Pa\u00eds\u00bb, uno de los m\u00e1s grandes y profesionales del pa\u00eds, atrayendo a miles de turistas cada a\u00f1o.&nbsp;La fiesta se basa en el desfile de cinco grandes comparsas de clubes locales en el Cors\u00f3dromo Jos\u00e9 Luis Gestro, compitiendo por premios art\u00edsticos y deportivos, lo que genera un impacto econ\u00f3mico significativo a trav\u00e9s de la creaci\u00f3n de empleos en diversas \u00e1reas art\u00edsticas y t\u00e9cnicas.<\/p>\n\n\n\n<h2 class=\"wp-block-heading\">Cultura de Samba<\/h2>\n\n\n\n<figure class=\"wp-block-embed is-type-video is-provider-youtube wp-block-embed-youtube wp-embed-aspect-16-9 wp-has-aspect-ratio\"><div class=\"wp-block-embed__wrapper\">\n<iframe title=\"Batucada y pasista &quot;Ar\u00e1 Yev\u00ed&quot; Show completo 2023. Gualeguaych\u00fa. Sdp. #carnaval\" width=\"1778\" height=\"1000\" src=\"https:\/\/www.youtube.com\/embed\/nxB39VlOwnY?feature=oembed\" frameborder=\"0\" allow=\"accelerometer; autoplay; clipboard-write; encrypted-media; gyroscope; picture-in-picture; web-share\" referrerpolicy=\"strict-origin-when-cross-origin\" allowfullscreen><\/iframe>\n<\/div><\/figure>\n\n\n\n<p>\u200b<\/p>\n\n\n\n<p>La&nbsp;samba es un&nbsp;g\u00e9nero musical&nbsp;de ra\u00edces&nbsp;africanas&nbsp;surgido en&nbsp;Brasil, del cual deriva un tipo de danza. Es una de las principales manifestaciones de la querida amor\u00edo brasile\u00f1a y un s\u00edmbolo de la identidad nacional.<a href=\"https:\/\/es.wikipedia.org\/wiki\/Samba_(m%C3%BAsica)#cite_note-CravoAlbin-2\"><\/a><sup><br><\/sup>Si bien en otros pa\u00edses se utiliza la voz femenina (la samba), en Brasil y en algunos pa\u00edses como Argentina y Uruguay, se utiliza la voz masculina (el samba).\u200b No debe confundirse con la&nbsp;Zamba, g\u00e9nero musical completamente distinto, de origen argentino.<br>Dentro de sus caracter\u00edsticas figura una forma donde la danza es acompa\u00f1ada por una manga de puros mel\u00f3dicos y coros de&nbsp;creaci\u00f3n an\u00f3nima, t\u00edpica del samba de roda, ritmo y danza originada en Bah\u00eda de Todos los Santos, en el&nbsp;estado&nbsp;de&nbsp;Bah\u00eda. La batucada es un&nbsp;conjunto de percusionistas como un estilo musical y de celebraci\u00f3n, caracterizado por un ritmo r\u00e1pido, sincopado y repetitivo de percusi\u00f3n afrobrasile\u00f1a.<\/p>\n\n\n\n<h2 class=\"wp-block-heading\">Los 4 club que crean las comparsas<\/h2>\n\n\n\n<div class=\"wp-block-columns is-layout-flex wp-container-core-columns-is-layout-28f84493 wp-block-columns-is-layout-flex\">\n<div class=\"wp-block-column is-layout-flow wp-block-column-is-layout-flow\" style=\"flex-basis:33.33%\">\n<figure class=\"wp-block-image size-full\"><img decoding=\"async\" src=\"https:\/\/web.idepba.com.ar\/demo\/wp-content\/uploads\/sites\/25\/2025\/09\/Papelitos.png\" alt=\"Comparsa Papelito 2024 tricampeona\" class=\"wp-image-1814\" \/><\/figure>\n<\/div>\n\n\n\n<div class=\"wp-block-column is-layout-flow wp-block-column-is-layout-flow\" style=\"flex-basis:66.66%\">\n<p class=\"has-text-align-left\"><br>El&nbsp;Club Deportivo <strong>Juventud Unida<\/strong>&nbsp;es una instituci\u00f3n deportiva fundado en&nbsp;Gualeguaych\u00fa&nbsp;el 1 de mayo de 1907. <br>Es uno de los clubes hist\u00f3ricos de la&nbsp;provincia de Entre R\u00edos&nbsp;y el primer club deportivo de f\u00fatbol y de b\u00e1squet de&nbsp;Gualeguaych\u00fa.<br> Si bien la instituci\u00f3n se destaca por la diversidad de disciplinas deportivas como bochas, tenis, voley, f\u00fatbol de sal\u00f3n y handball, su principal actividad es el&nbsp;f\u00fatbol&nbsp;masculino, donde compite en la&nbsp;\u00faltima divisi\u00f3n&nbsp;y su plantel femenino en la&nbsp;Liga Departamental de F\u00fatbol. <br>Juventud tambi\u00e9n disputa el&nbsp;Torneo Federal de B\u00e1squet&nbsp;con su equipo femenino de mayores y el Torneo Prefederal de B\u00e1squet con su plantel masculino.<br>En 1977, socios y socias del club crearon la comparsa <strong>Papelitos<\/strong>, ganadora de varias ediciones del Carnaval de Gualeguaych\u00fa y actual tricampeona del Carnaval del Pa\u00eds.<\/p>\n<\/div>\n<\/div>\n\n\n\n<figure class=\"wp-block-embed is-type-rich is-provider-spotify wp-block-embed-spotify wp-embed-aspect-21-9 wp-has-aspect-ratio\"><div class=\"wp-block-embed__wrapper\">\n<iframe title=\"Spotify Embed: Mi Maldici\u00f3n\" style=\"border-radius: 12px\" width=\"100%\" height=\"152\" frameborder=\"0\" allowfullscreen allow=\"autoplay; clipboard-write; encrypted-media; fullscreen; picture-in-picture\" loading=\"lazy\" src=\"https:\/\/open.spotify.com\/embed\/track\/1cXw1iCLkZYDyPtUOrlSL2?si=b4015c2a33874ef6&#038;utm_source=oembed\"><\/iframe>\n<\/div><\/figure>\n\n\n\n<div class=\"wp-block-columns is-layout-flex wp-container-core-columns-is-layout-28f84493 wp-block-columns-is-layout-flex\">\n<div class=\"wp-block-column is-layout-flow wp-block-column-is-layout-flow\" style=\"flex-basis:33.33%\">\n<figure class=\"wp-block-image size-full\"><img fetchpriority=\"high\" decoding=\"async\" width=\"266\" height=\"622\" src=\"https:\/\/web.idepba.com.ar\/demo\/wp-content\/uploads\/sites\/25\/2025\/09\/Mari-Mari.png\" alt=\"Comparsa Mari Mari 2024\" class=\"wp-image-1818\" srcset=\"https:\/\/web.idepba.com.ar\/demo\/wp-content\/uploads\/sites\/25\/2025\/09\/Mari-Mari.png 266w, https:\/\/web.idepba.com.ar\/demo\/wp-content\/uploads\/sites\/25\/2025\/09\/Mari-Mari-128x300.png 128w, https:\/\/web.idepba.com.ar\/demo\/wp-content\/uploads\/sites\/25\/2025\/09\/Mari-Mari-100x234.png 100w, https:\/\/web.idepba.com.ar\/demo\/wp-content\/uploads\/sites\/25\/2025\/09\/Mari-Mari-200x468.png 200w\" sizes=\"(max-width: 266px) 100vw, 266px\" \/><\/figure>\n<\/div>\n\n\n\n<div class=\"wp-block-column is-layout-flow wp-block-column-is-layout-flow\" style=\"flex-basis:66.66%\">\n<p class=\"has-palette-color-3-color has-text-color has-link-color wp-elements-72ab7caac74a07326b448ce0ee35711c\"><br>El&nbsp;Club <strong>Central Entrerriano<\/strong>&nbsp;es una instituci\u00f3n deportiva de&nbsp;Argentina&nbsp;ubicada en la ciudad de&nbsp;Gualeguaych\u00fa,&nbsp;Entre R\u00edos. Es conocido principalmente por haber participado en la m\u00e1xima categor\u00eda del baloncesto argentino, la&nbsp;Liga Nacional de B\u00e1squet, pero tambi\u00e9n desarrolla actividades como&nbsp;ajedrez,&nbsp;bochas,&nbsp;f\u00fatbol,&nbsp;handball,&nbsp;hockey pat\u00edn,&nbsp;rugby&nbsp;y&nbsp;v\u00f3ley.<br>El Club Central Entrerriano nace el 15 de abril de 1913, de la iniciativa de un grupo de muchachos de fundar un club para la pr\u00e1ctica de distintas disciplinas deportivas, pero fundamentalmente el&nbsp;f\u00fatbol.<br>tambi\u00e9n son los creadores de la comparsa <strong>Mari Mari<\/strong> nacida en 1981 bajo la direcci\u00f3n de Nelita Bermudez. Mari Mari significa buen dia&nbsp; o el amanecer^. Una de las claves del \u00e9xito de Mari Mari aparte del esplendor de sus trajes y bellezas de sus pesistas y sus canciones.<br>Durante quince a\u00f1os fue dirigida por Jos\u00e9 Luis Gestro, quien le hizo ganar la mayor cantidad de premios, una vanguardia que adapta la impronta de Brasil a sus comparsas.<br>Fue un promotor del cosm\u00f3dromo que lleva su nombre. En 2025, su tema fue \u00ab\u00cdtaca\u00bb, una representaci\u00f3n del legendario viaje de Ulise.<\/p>\n<\/div>\n<\/div>\n\n\n\n<figure class=\"wp-block-embed is-type-rich is-provider-spotify wp-block-embed-spotify wp-embed-aspect-21-9 wp-has-aspect-ratio\"><div class=\"wp-block-embed__wrapper\">\n<iframe title=\"Spotify Embed: \u00cdtaca (Mar\u00ed Mar\u00ed 2025)\" style=\"border-radius: 12px\" width=\"100%\" height=\"152\" frameborder=\"0\" allowfullscreen allow=\"autoplay; clipboard-write; encrypted-media; fullscreen; picture-in-picture\" loading=\"lazy\" src=\"https:\/\/open.spotify.com\/embed\/track\/0ETsWQ0e1lNTTyyxQFWPLA?si=e780fd54455d4bff&#038;utm_source=oembed\"><\/iframe>\n<\/div><\/figure>\n\n\n\n<div class=\"wp-block-columns is-layout-flex wp-container-core-columns-is-layout-28f84493 wp-block-columns-is-layout-flex\">\n<div class=\"wp-block-column is-layout-flow wp-block-column-is-layout-flow\" style=\"flex-basis:33.33%\">\n<figure class=\"wp-block-image size-full\"><img decoding=\"async\" width=\"269\" height=\"619\" src=\"https:\/\/web.idepba.com.ar\/demo\/wp-content\/uploads\/sites\/25\/2025\/09\/Ara-yavi.png\" alt=\"Comparsa Ara yevi 2024\" class=\"wp-image-1824\" srcset=\"https:\/\/web.idepba.com.ar\/demo\/wp-content\/uploads\/sites\/25\/2025\/09\/Ara-yavi.png 269w, https:\/\/web.idepba.com.ar\/demo\/wp-content\/uploads\/sites\/25\/2025\/09\/Ara-yavi-130x300.png 130w, https:\/\/web.idepba.com.ar\/demo\/wp-content\/uploads\/sites\/25\/2025\/09\/Ara-yavi-100x230.png 100w, https:\/\/web.idepba.com.ar\/demo\/wp-content\/uploads\/sites\/25\/2025\/09\/Ara-yavi-200x460.png 200w\" sizes=\"(max-width: 269px) 100vw, 269px\" \/><\/figure>\n<\/div>\n\n\n\n<div class=\"wp-block-column is-layout-flow wp-block-column-is-layout-flow\" style=\"flex-basis:66.66%\">\n<p><br>El <strong>Club Tiro Federal<\/strong> de Gualeguaych\u00fa&nbsp;fue fundado en julio de 1920 por el teniente Rafael L\u00f3pez Jauregui y j\u00f3venes oficiales de reserva, quienes establecieron un club con actividades de tiro, que luego se expandieron al f\u00fatbol, bochas y remo.&nbsp;Tras enfrentar el desuso de su pol\u00edgono de tiro a partir de 1977, el club experiment\u00f3 un resurgimiento a partir de 1999, iniciando la construcci\u00f3n de un nuevo edificio y agregando instalaciones como canchas de tenis y una pileta.<br>La comparsa&nbsp;<strong>Ara Yev\u00ed<\/strong>&nbsp;de Gualeguaych\u00fa&nbsp;fue creada en 1981 por la escuela de danza de Elena Taibo de Dacal para el Club Tiro Federal y debut\u00f3 ese a\u00f1o con la tem\u00e1tica \u00abFolies Berg\u00e8re\u00bb.&nbsp;En 1982, adopt\u00f3 su nombre actual, Ara Yev\u00ed, que significa \u00abtiempo de diversi\u00f3n\u00bb en guaran\u00ed.&nbsp;A lo largo de los a\u00f1os, la comparsa se ha destacado por su crecimiento y participaci\u00f3n en el Carnaval de Gualeguaych\u00fa, con diversas tem\u00e1ticas y un gran n\u00famero de integrantes.<\/p>\n<\/div>\n<\/div>\n\n\n\n<figure class=\"wp-block-embed is-type-rich is-provider-spotify wp-block-embed-spotify wp-embed-aspect-21-9 wp-has-aspect-ratio\"><div class=\"wp-block-embed__wrapper\">\n<iframe title=\"Spotify Embed: ENDIABLADA\" style=\"border-radius: 12px\" width=\"100%\" height=\"152\" frameborder=\"0\" allowfullscreen allow=\"autoplay; clipboard-write; encrypted-media; fullscreen; picture-in-picture\" loading=\"lazy\" src=\"https:\/\/open.spotify.com\/embed\/track\/1mv7SJpW76BShBcdc0UxTk?si=e0fb169e66184236&#038;utm_source=oembed\"><\/iframe>\n<\/div><\/figure>\n\n\n\n<div class=\"wp-block-columns is-layout-flex wp-container-core-columns-is-layout-28f84493 wp-block-columns-is-layout-flex\">\n<div class=\"wp-block-column is-layout-flow wp-block-column-is-layout-flow\" style=\"flex-basis:33.33%\">\n<figure class=\"wp-block-image size-full\"><img decoding=\"async\" width=\"271\" height=\"624\" src=\"https:\/\/web.idepba.com.ar\/demo\/wp-content\/uploads\/sites\/25\/2025\/09\/Kamarr-1.png\" alt=\"Comparsa Kamarr 2024\" class=\"wp-image-1840\" srcset=\"https:\/\/web.idepba.com.ar\/demo\/wp-content\/uploads\/sites\/25\/2025\/09\/Kamarr-1.png 271w, https:\/\/web.idepba.com.ar\/demo\/wp-content\/uploads\/sites\/25\/2025\/09\/Kamarr-1-130x300.png 130w, https:\/\/web.idepba.com.ar\/demo\/wp-content\/uploads\/sites\/25\/2025\/09\/Kamarr-1-100x230.png 100w, https:\/\/web.idepba.com.ar\/demo\/wp-content\/uploads\/sites\/25\/2025\/09\/Kamarr-1-200x461.png 200w\" sizes=\"(max-width: 271px) 100vw, 271px\" \/><\/figure>\n<\/div>\n\n\n\n<div class=\"wp-block-column is-layout-flow wp-block-column-is-layout-flow\" style=\"flex-basis:66.66%\">\n<p class=\"has-palette-color-3-color has-text-color has-link-color wp-elements-6df6cc5e5c9a8e7cf8c5ff15f3244f67\"><br>El <strong>Club Sirio Liban\u00e9s<\/strong> de Buenos Aires&nbsp;fue fundado en 1932 por Mois\u00e9s Azize y otros oriundos de Siria y L\u00edbano, adquiriendo el edificio de Juncal 861 como sede social, donde se establecieron altas autoridades nacionales y se realiz\u00f3 una amplia actividad social y cultural.<br>&nbsp;En 1985, obtuvieron la concesi\u00f3n de un predio en Saavedra, donde construyeron una sede deportiva con canchas, piletas y salones para fomentar las actividades deportivas y culturales de la comunidad y toda la sociedad.<br>La Comparsa <strong>Kamarr<\/strong> de Gualeguaych\u00fa&nbsp;fue creada en 1981 por un grupo de inmigrantes sirio-libaneses, y su nombre proviene de la palabra \u00e1rabe para \u00abluna\u00bb, un s\u00edmbolo importante en esa cultura.&nbsp;Los integrantes de la comparsa, que tambi\u00e9n usan al lobo como s\u00edmbolo, se consideran \u00ablobos\u00bb en un sentido metaf\u00f3rico, lo que se refleja en la mitolog\u00eda de su nombre. <br>Kamarr cuenta con talleres donde se realizan todas las tareas de la comparsa, desde el dise\u00f1o hasta la confecci\u00f3n de los trajes y las carrozas.<\/p>\n<\/div>\n<\/div>\n\n\n\n<figure class=\"wp-block-embed is-type-rich is-provider-spotify wp-block-embed-spotify wp-embed-aspect-21-9 wp-has-aspect-ratio\"><div class=\"wp-block-embed__wrapper\">\n<iframe title=\"Spotify Embed: Eclipsia | Comparsa Kamarr 2025\" style=\"border-radius: 12px\" width=\"100%\" height=\"152\" frameborder=\"0\" allowfullscreen allow=\"autoplay; clipboard-write; encrypted-media; fullscreen; picture-in-picture\" loading=\"lazy\" src=\"https:\/\/open.spotify.com\/embed\/track\/4WDrXg4oPsfIhoHCLZlVFr?si=9f6b356a7dfb4acf&#038;utm_source=oembed\"><\/iframe>\n<\/div><\/figure>\n\n\n\n<h2 class=\"wp-block-heading\">Construcci\u00f3n del cors\u00f3dromo<\/h2>\n\n\n\n<p>El&nbsp;Cors\u00f3dromo&nbsp;de Gualeguaych\u00fa&nbsp;se inaugur\u00f3 en 1997&nbsp;y es el primer espacio en Argentina espec\u00edficamente dise\u00f1ado para desfiles de carnaval, con una pista de 500 metros de largo y 10 metros de ancho.&nbsp;Tiene una capacidad para albergar a casi 40,000 espectadores y es el escenario principal del \u00abCarnaval del Pa\u00eds\u00bb, donde las comparsas presentan sus elaborados trajes, carrozas, y bailes.&nbsp;El p\u00fablico puede disfrutar de comisiones de frente, carrozas de apertura, embajadores, escuadras, orquestas y las reinas de las comparsas.&nbsp;<br>El Cors\u00f3dromo es considerado un lugar de culto para el carnaval, similar a un estadio para eventos deportivos, brindando un espacio \u00fanico para el desarrollo de la creatividad de las comparsas.&nbsp;<\/p>\n\n\n\n<figure class=\"wp-block-image size-full\"><img loading=\"lazy\" decoding=\"async\" width=\"1024\" height=\"768\" src=\"http:\/\/web.idepba.com.ar\/demo\/wp-content\/uploads\/sites\/25\/2025\/09\/corsodromo.jpg\" alt=\"Corsodromo de gualeguaychu\" class=\"wp-image-1852\" srcset=\"https:\/\/web.idepba.com.ar\/demo\/wp-content\/uploads\/sites\/25\/2025\/09\/corsodromo.jpg 1024w, https:\/\/web.idepba.com.ar\/demo\/wp-content\/uploads\/sites\/25\/2025\/09\/corsodromo-300x225.jpg 300w, https:\/\/web.idepba.com.ar\/demo\/wp-content\/uploads\/sites\/25\/2025\/09\/corsodromo-768x576.jpg 768w, https:\/\/web.idepba.com.ar\/demo\/wp-content\/uploads\/sites\/25\/2025\/09\/corsodromo-100x75.jpg 100w, https:\/\/web.idepba.com.ar\/demo\/wp-content\/uploads\/sites\/25\/2025\/09\/corsodromo-200x150.jpg 200w, https:\/\/web.idepba.com.ar\/demo\/wp-content\/uploads\/sites\/25\/2025\/09\/corsodromo-600x450.jpg 600w\" sizes=\"(max-width: 1024px) 100vw, 1024px\" \/><\/figure>\n","protected":false},"excerpt":{"rendered":"<p>\u00cdndice Introducci\u00f3n La importancia y el significado que se le da al carnaval Cultura de Samba Los 4 club que crean las comparsas Contrici\u00f3n del cors\u00f3dromo Introducci\u00f3n Vale recordar que el carnaval fue introducido por los espa\u00f1oles, pero luego se fue fusionando con los aportes de las culturas nativas y africanas, que llegaron como esclavas. Se trata de una celebraci\u00f3n pagana, pero de origen cristiano y medieval.En el litoral argentino, los carnavales entrerrianos se caracterizan por comparsas de influencia brasile\u00f1a y correntina, que a su vez heredaron las costumbres guaran\u00edes, africanas y europeas. Desde entonces pasaron casi dos siglos intensos colmados de vaivenes y avatares pol\u00edticos y econ\u00f3micos que, sin embargo, no pudieron acabar con la alegr\u00eda. El esp\u00edritu carnestolendo siempre se mantuvo vivo gracias a la resistencia de los vecinos, los inmigrantes y los clubes.En Gualeguaych\u00fa, la primera autorizaci\u00f3n de festejar con \u00abcarnaval\u00bb&nbsp;se otorg\u00f3 a mediados del siglo XIX: en 1840. La importancia y el significado que se le da al carnaval Hace 40 a\u00f1os que esta ciudad organiza este festejo cultural pagano \u2013que en un tiempo fue incorporado al calendario religioso\u2013 con un show monumental de color y alegr\u00eda. Pero su historia se remonta&nbsp;180 a\u00f1os&nbsp;atr\u00e1s y est\u00e1 resguardada en el&nbsp;Museo del CarnavalHace no mucho tiempo en las diferentes ciudades entrerrianas el carnaval era sin\u00f3nimo de juegos con agua, disfraces y el tradicional corso, un desfile que reun\u00eda a las familias en torno a la calle principal de cada ciudad. Otro lugar que tomaba gran importancia, en esa \u00e9poca eran los clubes barriales, lugares donde grandes y chicos festejaban el carnaval de manera espont\u00e1nea.Cada ciudad ten\u00eda sus matices de una de las celebraciones m\u00e1s populares en nuestro pa\u00eds. Un ejemplo era el \u201cCorso de Flores\u201d, que entre el aroma a nardos y la entrega de ramitos entre j\u00f3venes enamorados, anta\u00f1o conformaban una manera de festejar en Gualeguaych\u00fa.El carnaval en Gualeguaych\u00fa&nbsp;es de gran importancia cultural, social y econ\u00f3mica, siendo conocido como el \u00abCarnaval del Pa\u00eds\u00bb, uno de los m\u00e1s grandes y profesionales del pa\u00eds, atrayendo a miles de turistas cada a\u00f1o.&nbsp;La fiesta se basa en el desfile de cinco grandes comparsas de clubes locales en el Cors\u00f3dromo Jos\u00e9 Luis Gestro, compitiendo por premios art\u00edsticos y deportivos, lo que genera un impacto econ\u00f3mico significativo a trav\u00e9s de la creaci\u00f3n de empleos en diversas \u00e1reas art\u00edsticas y t\u00e9cnicas. Cultura de Samba \u200b La&nbsp;samba es un&nbsp;g\u00e9nero musical&nbsp;de ra\u00edces&nbsp;africanas&nbsp;surgido en&nbsp;Brasil, del cual deriva un tipo de danza. Es una de las principales manifestaciones de la querida amor\u00edo brasile\u00f1a y un s\u00edmbolo de la identidad nacional.Si bien en otros pa\u00edses se utiliza la voz femenina (la samba), en Brasil y en algunos pa\u00edses como Argentina y Uruguay, se utiliza la voz masculina (el samba).\u200b No debe confundirse con la&nbsp;Zamba, g\u00e9nero musical completamente distinto, de origen argentino.Dentro de sus caracter\u00edsticas figura una forma donde la danza es acompa\u00f1ada por una manga de puros mel\u00f3dicos y coros de&nbsp;creaci\u00f3n an\u00f3nima, t\u00edpica del samba de roda, ritmo y danza originada en Bah\u00eda de Todos los Santos, en el&nbsp;estado&nbsp;de&nbsp;Bah\u00eda. La batucada es un&nbsp;conjunto de percusionistas como un estilo musical y de celebraci\u00f3n, caracterizado por un ritmo r\u00e1pido, sincopado y repetitivo de percusi\u00f3n afrobrasile\u00f1a. Los 4 club que crean las comparsas El&nbsp;Club Deportivo Juventud Unida&nbsp;es una instituci\u00f3n deportiva fundado en&nbsp;Gualeguaych\u00fa&nbsp;el 1 de mayo de 1907. Es uno de los clubes hist\u00f3ricos de la&nbsp;provincia de Entre R\u00edos&nbsp;y el primer club deportivo de f\u00fatbol y de b\u00e1squet de&nbsp;Gualeguaych\u00fa. Si bien la instituci\u00f3n se destaca por la diversidad de disciplinas deportivas como bochas, tenis, voley, f\u00fatbol de sal\u00f3n y handball, su principal actividad es el&nbsp;f\u00fatbol&nbsp;masculino, donde compite en la&nbsp;\u00faltima divisi\u00f3n&nbsp;y su plantel femenino en la&nbsp;Liga Departamental de F\u00fatbol. Juventud tambi\u00e9n disputa el&nbsp;Torneo Federal de B\u00e1squet&nbsp;con su equipo femenino de mayores y el Torneo Prefederal de B\u00e1squet con su plantel masculino.En 1977, socios y socias del club crearon la comparsa Papelitos, ganadora de varias ediciones del Carnaval de Gualeguaych\u00fa y actual tricampeona del Carnaval del Pa\u00eds. El&nbsp;Club Central Entrerriano&nbsp;es una instituci\u00f3n deportiva de&nbsp;Argentina&nbsp;ubicada en la ciudad de&nbsp;Gualeguaych\u00fa,&nbsp;Entre R\u00edos. Es conocido principalmente por haber participado en la m\u00e1xima categor\u00eda del baloncesto argentino, la&nbsp;Liga Nacional de B\u00e1squet, pero tambi\u00e9n desarrolla actividades como&nbsp;ajedrez,&nbsp;bochas,&nbsp;f\u00fatbol,&nbsp;handball,&nbsp;hockey pat\u00edn,&nbsp;rugby&nbsp;y&nbsp;v\u00f3ley.El Club Central Entrerriano nace el 15 de abril de 1913, de la iniciativa de un grupo de muchachos de fundar un club para la pr\u00e1ctica de distintas disciplinas deportivas, pero fundamentalmente el&nbsp;f\u00fatbol.tambi\u00e9n son los creadores de la comparsa Mari Mari nacida en 1981 bajo la direcci\u00f3n de Nelita Bermudez. Mari Mari significa buen dia&nbsp; o el amanecer^. Una de las claves del \u00e9xito de Mari Mari aparte del esplendor de sus trajes y bellezas de sus pesistas y sus canciones.Durante quince a\u00f1os fue dirigida por Jos\u00e9 Luis Gestro, quien le hizo ganar la mayor cantidad de premios, una vanguardia que adapta la impronta de Brasil a sus comparsas.Fue un promotor del cosm\u00f3dromo que lleva su nombre. En 2025, su tema fue \u00ab\u00cdtaca\u00bb, una representaci\u00f3n del legendario viaje de Ulise. El Club Tiro Federal de Gualeguaych\u00fa&nbsp;fue fundado en julio de 1920 por el teniente Rafael L\u00f3pez Jauregui y j\u00f3venes oficiales de reserva, quienes establecieron un club con actividades de tiro, que luego se expandieron al f\u00fatbol, bochas y remo.&nbsp;Tras enfrentar el desuso de su pol\u00edgono de tiro a partir de 1977, el club experiment\u00f3 un resurgimiento a partir de 1999, iniciando la construcci\u00f3n de un nuevo edificio y agregando instalaciones como canchas de tenis y una pileta.La comparsa&nbsp;Ara Yev\u00ed&nbsp;de Gualeguaych\u00fa&nbsp;fue creada en 1981 por la escuela de danza de Elena Taibo de Dacal para el Club Tiro Federal y debut\u00f3 ese a\u00f1o con la tem\u00e1tica \u00abFolies Berg\u00e8re\u00bb.&nbsp;En 1982, adopt\u00f3 su nombre actual, Ara Yev\u00ed, que significa \u00abtiempo de diversi\u00f3n\u00bb en guaran\u00ed.&nbsp;A lo largo de los a\u00f1os, la comparsa se ha destacado por su crecimiento y participaci\u00f3n en el Carnaval de Gualeguaych\u00fa, con diversas tem\u00e1ticas y un gran n\u00famero de integrantes. El Club Sirio Liban\u00e9s de Buenos Aires&nbsp;fue fundado en 1932 por Mois\u00e9s Azize y otros oriundos de Siria y L\u00edbano, adquiriendo el edificio de Juncal 861 como sede social, donde se establecieron altas autoridades<\/p>\n","protected":false},"author":24,"featured_media":1814,"comment_status":"closed","ping_status":"closed","sticky":false,"template":"","format":"standard","meta":{"_uag_custom_page_level_css":"","ngg_post_thumbnail":0,"pgc_sgb_lightbox_settings":"","footnotes":""},"categories":[18,19],"tags":[23,24,25],"class_list":["post-1801","post","type-post","status-publish","format-standard","has-post-thumbnail","hentry","category-diseno-web-2025-b","category-tp2-tema-libre","tag-arte","tag-diseno-web","tag-musica"],"blocksy_meta":[],"uagb_featured_image_src":{"full":["https:\/\/web.idepba.com.ar\/demo\/wp-content\/uploads\/sites\/25\/2025\/09\/Papelitos-e1757354269577.png",269,475,false],"thumbnail":["https:\/\/web.idepba.com.ar\/demo\/wp-content\/uploads\/sites\/25\/2025\/09\/Papelitos-e1757354269577-150x150.png",150,150,true],"medium":["https:\/\/web.idepba.com.ar\/demo\/wp-content\/uploads\/sites\/25\/2025\/09\/Papelitos-e1757354269577-170x300.png",170,300,true],"medium_large":["https:\/\/web.idepba.com.ar\/demo\/wp-content\/uploads\/sites\/25\/2025\/09\/Papelitos-e1757354269577.png",269,475,false],"large":["https:\/\/web.idepba.com.ar\/demo\/wp-content\/uploads\/sites\/25\/2025\/09\/Papelitos-e1757354269577.png",269,475,false],"RoboGalleryMansoryImagesCenter":["https:\/\/web.idepba.com.ar\/demo\/wp-content\/uploads\/sites\/25\/2025\/09\/Papelitos-e1757354269577.png",269,475,false],"RoboGalleryPreload":["https:\/\/web.idepba.com.ar\/demo\/wp-content\/uploads\/sites\/25\/2025\/09\/Papelitos-e1757354269577-100x177.png",100,177,true],"1536x1536":["https:\/\/web.idepba.com.ar\/demo\/wp-content\/uploads\/sites\/25\/2025\/09\/Papelitos-e1757354269577.png",269,475,false],"2048x2048":["https:\/\/web.idepba.com.ar\/demo\/wp-content\/uploads\/sites\/25\/2025\/09\/Papelitos-e1757354269577.png",269,475,false],"depicter-thumbnail":["https:\/\/web.idepba.com.ar\/demo\/wp-content\/uploads\/sites\/25\/2025\/09\/Papelitos-e1757354269577-200x353.png",200,353,true],"woocommerce_archive_thumbnail":["https:\/\/web.idepba.com.ar\/demo\/wp-content\/uploads\/sites\/25\/2025\/09\/Papelitos-e1757354269577-269x300.png",269,300,true],"woocommerce_thumbnail":["https:\/\/web.idepba.com.ar\/demo\/wp-content\/uploads\/sites\/25\/2025\/09\/Papelitos-e1757354269577-269x300.png",269,300,true],"woocommerce_single":["https:\/\/web.idepba.com.ar\/demo\/wp-content\/uploads\/sites\/25\/2025\/09\/Papelitos-e1757354269577.png",269,475,false],"woocommerce_gallery_thumbnail":["https:\/\/web.idepba.com.ar\/demo\/wp-content\/uploads\/sites\/25\/2025\/09\/Papelitos-e1757354269577-100x100.png",100,100,true],"variation_swatches_image_size":["https:\/\/web.idepba.com.ar\/demo\/wp-content\/uploads\/sites\/25\/2025\/09\/Papelitos-e1757354269577-50x50.png",50,50,true],"variation_swatches_tooltip_size":["https:\/\/web.idepba.com.ar\/demo\/wp-content\/uploads\/sites\/25\/2025\/09\/Papelitos-e1757354269577-100x100.png",100,100,true]},"uagb_author_info":{"display_name":"rominaurich","author_link":"https:\/\/web.idepba.com.ar\/demo\/author\/rominaurich\/"},"uagb_comment_info":0,"uagb_excerpt":"\u00cdndice Introducci\u00f3n La importancia y el significado que se le da al carnaval Cultura de Samba Los 4 club que crean las comparsas Contrici\u00f3n del cors\u00f3dromo Introducci\u00f3n Vale recordar que el carnaval fue introducido por los espa\u00f1oles, pero luego se fue fusionando con los aportes de las culturas nativas y africanas, que llegaron como esclavas.&hellip;","_links":{"self":[{"href":"https:\/\/web.idepba.com.ar\/demo\/wp-json\/wp\/v2\/posts\/1801","targetHints":{"allow":["GET"]}}],"collection":[{"href":"https:\/\/web.idepba.com.ar\/demo\/wp-json\/wp\/v2\/posts"}],"about":[{"href":"https:\/\/web.idepba.com.ar\/demo\/wp-json\/wp\/v2\/types\/post"}],"author":[{"embeddable":true,"href":"https:\/\/web.idepba.com.ar\/demo\/wp-json\/wp\/v2\/users\/24"}],"replies":[{"embeddable":true,"href":"https:\/\/web.idepba.com.ar\/demo\/wp-json\/wp\/v2\/comments?post=1801"}],"version-history":[{"count":21,"href":"https:\/\/web.idepba.com.ar\/demo\/wp-json\/wp\/v2\/posts\/1801\/revisions"}],"predecessor-version":[{"id":2277,"href":"https:\/\/web.idepba.com.ar\/demo\/wp-json\/wp\/v2\/posts\/1801\/revisions\/2277"}],"wp:featuredmedia":[{"embeddable":true,"href":"https:\/\/web.idepba.com.ar\/demo\/wp-json\/wp\/v2\/media\/1814"}],"wp:attachment":[{"href":"https:\/\/web.idepba.com.ar\/demo\/wp-json\/wp\/v2\/media?parent=1801"}],"wp:term":[{"taxonomy":"category","embeddable":true,"href":"https:\/\/web.idepba.com.ar\/demo\/wp-json\/wp\/v2\/categories?post=1801"},{"taxonomy":"post_tag","embeddable":true,"href":"https:\/\/web.idepba.com.ar\/demo\/wp-json\/wp\/v2\/tags?post=1801"}],"curies":[{"name":"wp","href":"https:\/\/api.w.org\/{rel}","templated":true}]}}